{"id":484,"date":"2011-03-12T23:21:22","date_gmt":"2011-03-12T21:21:22","guid":{"rendered":"http:\/\/www.mediensindschoen.de\/?p=484"},"modified":"2014-02-25T23:29:03","modified_gmt":"2014-02-25T21:29:03","slug":"484","status":"publish","type":"post","link":"https:\/\/www.mediensindschoen.de\/?p=484","title":{"rendered":"Transidentit\u00e4t: Miriam Kassner ist heute eine Frau"},"content":{"rendered":"<p><strong>Geboren im falschen K\u00f6rper, mit dem falschen Geschlecht. Die Tragweite, die sich hinter dieser Tatsache verbirgt, ist wohl von Au\u00dfenstehenden kaum fassbar.<\/strong><\/p>\n<p>Miriam Kassner spricht offen \u00fcber ihre pers\u00f6nlichen Erfahrungen, \u00fcber ihre eigene Entwicklung. Ein O-Ton-Portrait f\u00fcr die Lokalzeit aus Dortmund.<\/p>\n<p>Hier zu sehen:<\/p>\n\n<!-- YouTube Embed v5.2.2 -->\n<div class=\"youtube-embed\" itemprop=\"video\" itemscope itemtype=\"https:\/\/schema.org\/VideoObject\">\n\t<meta itemprop=\"url\" content=\"https:\/\/www.youtube.com\/v\/iO7xXtpqoic\" \/>\n\t<meta itemprop=\"name\" content=\"Transidentit\u00e4t: Miriam Kassner ist heute eine Frau\" \/>\n\t<meta itemprop=\"description\" content=\"Transidentit\u00e4t: Miriam Kassner ist heute eine Frau\" \/>\n\t<meta itemprop=\"uploadDate\" content=\"2011-03-12T23:21:22+02:00\" \/>\n\t<meta itemprop=\"thumbnailUrl\" content=\"https:\/\/i.ytimg.com\/vi\/iO7xXtpqoic\/default.jpg\" \/>\n\t<meta itemprop=\"embedUrl\" content=\"https:\/\/www.youtube.com\/embed\/iO7xXtpqoic\" \/>\n\t<meta itemprop=\"height\" content=\"349\" \/>\n\t<meta itemprop=\"width\" content=\"620\" \/>\n\t<iframe style=\"border: 0;\" class=\"youtube-player\" width=\"620\" height=\"349\" src=\"https:\/\/www.youtube.com\/embed\/iO7xXtpqoic?modestbranding=1&rel=0\" allowfullscreen><\/iframe>\n<\/div>\n<!-- End of YouTube Embed code. Generated in 0.00405 seconds -->\n\n","protected":false},"excerpt":{"rendered":"<p>Geboren im falschen K\u00f6rper, mit dem falschen Geschlecht. Die Tragweite, die sich hinter dieser Tatsache verbirgt, ist wohl von Au\u00dfenstehenden kaum fassbar. Miriam Kassner spricht offen \u00fcber ihre pers\u00f6nlichen Erfahrungen, \u00fcber ihre eigene Entwicklung. Ein O-Ton-Portrait f\u00fcr die Lokalzeit aus&#8230; <a class=\"more-link\" href=\"https:\/\/www.mediensindschoen.de\/?p=484\">Weiterlesen &rarr;<\/a><\/p>\n","protected":false},"author":1,"featured_media":417,"comment_status":"open","ping_status":"open","sticky":false,"template":"","format":"standard","meta":{"__cvm_playback_settings":[],"__cvm_video_id":""},"categories":[33],"tags":[56,38,80,39],"_links":{"self":[{"href":"https:\/\/www.mediensindschoen.de\/index.php?rest_route=\/wp\/v2\/posts\/484"}],"collection":[{"href":"https:\/\/www.mediensindschoen.de\/index.php?rest_route=\/wp\/v2\/posts"}],"about":[{"href":"https:\/\/www.mediensindschoen.de\/index.php?rest_route=\/wp\/v2\/types\/post"}],"author":[{"embeddable":true,"href":"https:\/\/www.mediensindschoen.de\/index.php?rest_route=\/wp\/v2\/users\/1"}],"replies":[{"embeddable":true,"href":"https:\/\/www.mediensindschoen.de\/index.php?rest_route=%2Fwp%2Fv2%2Fcomments&post=484"}],"version-history":[{"count":3,"href":"https:\/\/www.mediensindschoen.de\/index.php?rest_route=\/wp\/v2\/posts\/484\/revisions"}],"predecessor-version":[{"id":487,"href":"https:\/\/www.mediensindschoen.de\/index.php?rest_route=\/wp\/v2\/posts\/484\/revisions\/487"}],"wp:featuredmedia":[{"embeddable":true,"href":"https:\/\/www.mediensindschoen.de\/index.php?rest_route=\/wp\/v2\/media\/417"}],"wp:attachment":[{"href":"https:\/\/www.mediensindschoen.de\/index.php?rest_route=%2Fwp%2Fv2%2Fmedia&parent=484"}],"wp:term":[{"taxonomy":"category","embeddable":true,"href":"https:\/\/www.mediensindschoen.de\/index.php?rest_route=%2Fwp%2Fv2%2Fcategories&post=484"},{"taxonomy":"post_tag","embeddable":true,"href":"https:\/\/www.mediensindschoen.de\/index.php?rest_route=%2Fwp%2Fv2%2Ftags&post=484"}],"curies":[{"name":"wp","href":"https:\/\/api.w.org\/{rel}","templated":true}]}}