{"id":366,"date":"2013-04-29T14:30:05","date_gmt":"2013-04-29T12:30:05","guid":{"rendered":"http:\/\/www.mediensindschoen.de\/?p=366"},"modified":"2014-04-24T16:41:24","modified_gmt":"2014-04-24T14:41:24","slug":"revier-13-zuspitzung-bei-opel","status":"publish","type":"post","link":"https:\/\/www.mediensindschoen.de\/?p=366","title":{"rendered":"&#8222;Revier.13&#8220; &#8211; Zuspitzung bei Opel"},"content":{"rendered":"<p><strong>Teil 3 der Serie &#8211; diesmal geht es nur um Opel. Autorin ist Silke Hempel.<\/strong><\/p>\n<p>Am Freitag (26.4.13) hat das Opel-Management in R\u00fcsselsheim erkl\u00e4rt, auch das Logistikzentrum im Bochumer Werk zu schlie\u00dfen. Damit platzt f\u00fcr eine Stadt und auch das gesamte Ruhrgebiet eine weitere Hoffnung.<\/p>\n<p>Weil die Bochumer Opelaner als einzige dem Sanierungsvertrag nicht zugestimmt h\u00e4tten, w\u00fcrden sie jetzt abgestraft, sagen viele. Das Logistikzentrum war die letzte Hoffnung f\u00fcr Bochum und das Ruhrgebiet. Auch f\u00fcr G\u00fcnter B\u00e4rwolf, Sachbearbeiter f\u00fcr Logistik im Bochumer Werk. Die letzte Chance f\u00fcr ihn und 420 Logistik-Mitarbeiter ist jetzt einfach gestrichen.<\/p>\n<p>Hier geht&#8217;s zum Film. <a href=\"http:\/\/www1.wdr.de\/fernsehen\/ratgeber\/markt\/sendungen\/opel712.html\" class=\"broken_link\">&gt;&gt;&gt;<\/a><\/p>\n","protected":false},"excerpt":{"rendered":"<p>Teil 3 der Serie &#8211; diesmal geht es nur um Opel. Autorin ist Silke Hempel. Am Freitag (26.4.13) hat das Opel-Management in R\u00fcsselsheim erkl\u00e4rt, auch das Logistikzentrum im Bochumer Werk zu schlie\u00dfen. Damit platzt f\u00fcr eine Stadt und auch das&#8230; <a class=\"more-link\" href=\"https:\/\/www.mediensindschoen.de\/?p=366\">Weiterlesen &rarr;<\/a><\/p>\n","protected":false},"author":1,"featured_media":386,"comment_status":"open","ping_status":"open","sticky":false,"template":"","format":"standard","meta":{"__cvm_playback_settings":[],"__cvm_video_id":""},"categories":[33],"tags":[47,45,48,46,50,49,39],"_links":{"self":[{"href":"https:\/\/www.mediensindschoen.de\/index.php?rest_route=\/wp\/v2\/posts\/366"}],"collection":[{"href":"https:\/\/www.mediensindschoen.de\/index.php?rest_route=\/wp\/v2\/posts"}],"about":[{"href":"https:\/\/www.mediensindschoen.de\/index.php?rest_route=\/wp\/v2\/types\/post"}],"author":[{"embeddable":true,"href":"https:\/\/www.mediensindschoen.de\/index.php?rest_route=\/wp\/v2\/users\/1"}],"replies":[{"embeddable":true,"href":"https:\/\/www.mediensindschoen.de\/index.php?rest_route=%2Fwp%2Fv2%2Fcomments&post=366"}],"version-history":[{"count":2,"href":"https:\/\/www.mediensindschoen.de\/index.php?rest_route=\/wp\/v2\/posts\/366\/revisions"}],"predecessor-version":[{"id":601,"href":"https:\/\/www.mediensindschoen.de\/index.php?rest_route=\/wp\/v2\/posts\/366\/revisions\/601"}],"wp:featuredmedia":[{"embeddable":true,"href":"https:\/\/www.mediensindschoen.de\/index.php?rest_route=\/wp\/v2\/media\/386"}],"wp:attachment":[{"href":"https:\/\/www.mediensindschoen.de\/index.php?rest_route=%2Fwp%2Fv2%2Fmedia&parent=366"}],"wp:term":[{"taxonomy":"category","embeddable":true,"href":"https:\/\/www.mediensindschoen.de\/index.php?rest_route=%2Fwp%2Fv2%2Fcategories&post=366"},{"taxonomy":"post_tag","embeddable":true,"href":"https:\/\/www.mediensindschoen.de\/index.php?rest_route=%2Fwp%2Fv2%2Ftags&post=366"}],"curies":[{"name":"wp","href":"https:\/\/api.w.org\/{rel}","templated":true}]}}